{"id":1302,"date":"2011-08-19T00:30:44","date_gmt":"2011-08-18T22:30:44","guid":{"rendered":"http:\/\/www.recht-hr.de\/?p=1302"},"modified":"2011-08-19T00:30:44","modified_gmt":"2011-08-18T22:30:44","slug":"rechtsanwalt-joerg-haferkorn-referiert-bei-gealagt-de-regionaltreffen-nuernberg","status":"publish","type":"post","link":"https:\/\/www.recht-hr.de\/en\/rechtsanwalt-joerg-haferkorn-referiert-bei-gealagt-de-regionaltreffen-nuernberg\/","title":{"rendered":"Rechtsanwalt J\u00f6rg Haferkorn referiert bei gealagt.de-Regionaltreffen N\u00fcrnberg"},"content":{"rendered":"<p>Rechtsanwalt J\u00f6rg Haferkorn war am 16.08.2011 bei einem N\u00fcrnberger Regionaltreffen der ALAG-Gesch\u00e4digtenplattform gealagt.de, wo er \u00fcber die aktuellen Entwicklungen und Ergebnisse referierte und mit den Anlegern diskutierte.<\/p>\n","protected":false},"excerpt":{"rendered":"<p>Rechtsanwalt J\u00f6rg Haferkorn war am 16.08.2011 bei einem N\u00fcrnberger Regionaltreffen der ALAG-Gesch\u00e4digtenplattform gealagt.de, wo er \u00fcber die aktuellen Entwicklungen und Ergebnisse referierte und mit den Anlegern diskutierte.<\/p>\n","protected":false},"author":3,"featured_media":0,"comment_status":"open","ping_status":"open","sticky":false,"template":"","format":"standard","meta":{"footnotes":""},"categories":[1],"tags":[],"class_list":["post-1302","post","type-post","status-publish","format-standard","hentry","category-allgemein"],"translation":{"provider":"WPGlobus","version":"3.0.2","language":"en","enabled_languages":["de","en","ru"],"languages":{"de":{"title":true,"content":true,"excerpt":false},"en":{"title":false,"content":false,"excerpt":false},"ru":{"title":false,"content":false,"excerpt":false}}},"yoast_head":"<!-- This site is optimized with the Yoast SEO plugin v27.5 - https:\/\/yoast.com\/product\/yoast-seo-wordpress\/ -->\n<title>Rechtsanwalt J\u00f6rg Haferkorn referiert bei gealagt.de-Regionaltreffen N\u00fcrnberg - Haferkorn \u2022 Rimscha<\/title>\n<meta name=\"robots\" content=\"index, follow, max-snippet:-1, max-image-preview:large, max-video-preview:-1\" \/>\n<link rel=\"canonical\" href=\"https:\/\/www.recht-hr.de\/ru\/rechtsanwalt-joerg-haferkorn-referiert-bei-gealagt-de-regionaltreffen-nuernberg\/\" \/>\n<meta property=\"og:locale\" content=\"en_US\" \/>\n<meta property=\"og:type\" content=\"article\" \/>\n<meta property=\"og:title\" content=\"Rechtsanwalt J\u00f6rg Haferkorn referiert bei gealagt.de-Regionaltreffen N\u00fcrnberg - Haferkorn \u2022 Rimscha\" \/>\n<meta property=\"og:url\" content=\"https:\/\/www.recht-hr.de\/ru\/rechtsanwalt-joerg-haferkorn-referiert-bei-gealagt-de-regionaltreffen-nuernberg\/\" \/>\n<meta property=\"og:site_name\" content=\"Haferkorn \u2022 Rimscha\" \/>\n<meta property=\"article:publisher\" content=\"http:\/\/www.facebook.com\/recht.hr\" \/>\n<meta property=\"article:published_time\" content=\"2011-08-18T22:30:44+00:00\" \/>\n<meta name=\"author\" content=\"J\u00f6rg Haferkorn\" \/>\n<meta name=\"twitter:card\" content=\"summary_large_image\" \/>\n<meta name=\"twitter:label1\" content=\"Written by\" \/>\n\t<meta name=\"twitter:data1\" content=\"J\u00f6rg Haferkorn\" \/>\n<script type=\"application\/ld+json\" class=\"yoast-schema-graph\">{\"@context\":\"https:\\\/\\\/schema.org\",\"@graph\":[{\"@type\":\"Article\",\"@id\":\"https:\\\/\\\/www.recht-hr.de\\\/ru\\\/rechtsanwalt-joerg-haferkorn-referiert-bei-gealagt-de-regionaltreffen-nuernberg\\\/#article\",\"isPartOf\":{\"@id\":\"https:\\\/\\\/www.recht-hr.de\\\/ru\\\/rechtsanwalt-joerg-haferkorn-referiert-bei-gealagt-de-regionaltreffen-nuernberg\\\/\"},\"author\":{\"name\":\"J\u00f6rg Haferkorn\",\"@id\":\"https:\\\/\\\/www.recht-hr.de\\\/ru\\\/#\\\/schema\\\/person\\\/2a940e5cbe3e257c1e8e04b4ed198ad9\"},\"headline\":\"Rechtsanwalt J\u00f6rg Haferkorn referiert bei gealagt.de-Regionaltreffen N\u00fcrnberg\",\"datePublished\":\"2011-08-18T22:30:44+00:00\",\"mainEntityOfPage\":{\"@id\":\"https:\\\/\\\/www.recht-hr.de\\\/ru\\\/rechtsanwalt-joerg-haferkorn-referiert-bei-gealagt-de-regionaltreffen-nuernberg\\\/\"},\"wordCount\":40,\"commentCount\":0,\"publisher\":{\"@id\":\"https:\\\/\\\/www.recht-hr.de\\\/ru\\\/#organization\"},\"articleSection\":[\"Allgemein\"],\"inLanguage\":\"en-US\",\"potentialAction\":[{\"@type\":\"CommentAction\",\"name\":\"Comment\",\"target\":[\"https:\\\/\\\/www.recht-hr.de\\\/ru\\\/rechtsanwalt-joerg-haferkorn-referiert-bei-gealagt-de-regionaltreffen-nuernberg\\\/#respond\"]}]},{\"@type\":\"WebPage\",\"@id\":\"https:\\\/\\\/www.recht-hr.de\\\/ru\\\/rechtsanwalt-joerg-haferkorn-referiert-bei-gealagt-de-regionaltreffen-nuernberg\\\/\",\"url\":\"https:\\\/\\\/www.recht-hr.de\\\/ru\\\/rechtsanwalt-joerg-haferkorn-referiert-bei-gealagt-de-regionaltreffen-nuernberg\\\/\",\"name\":\"Rechtsanwalt J\u00f6rg Haferkorn referiert bei gealagt.de-Regionaltreffen N\u00fcrnberg - Haferkorn \u2022 Rimscha\",\"isPartOf\":{\"@id\":\"https:\\\/\\\/www.recht-hr.de\\\/ru\\\/#website\"},\"datePublished\":\"2011-08-18T22:30:44+00:00\",\"breadcrumb\":{\"@id\":\"https:\\\/\\\/www.recht-hr.de\\\/ru\\\/rechtsanwalt-joerg-haferkorn-referiert-bei-gealagt-de-regionaltreffen-nuernberg\\\/#breadcrumb\"},\"inLanguage\":\"en-US\",\"potentialAction\":[{\"@type\":\"ReadAction\",\"target\":[\"https:\\\/\\\/www.recht-hr.de\\\/ru\\\/rechtsanwalt-joerg-haferkorn-referiert-bei-gealagt-de-regionaltreffen-nuernberg\\\/\"]}]},{\"@type\":\"BreadcrumbList\",\"@id\":\"https:\\\/\\\/www.recht-hr.de\\\/ru\\\/rechtsanwalt-joerg-haferkorn-referiert-bei-gealagt-de-regionaltreffen-nuernberg\\\/#breadcrumb\",\"itemListElement\":[{\"@type\":\"ListItem\",\"position\":1,\"name\":\"Startseite\",\"item\":\"https:\\\/\\\/www.recht-hr.de\\\/\"},{\"@type\":\"ListItem\",\"position\":2,\"name\":\"Rechtsanwalt J\u00f6rg Haferkorn referiert bei gealagt.de-Regionaltreffen N\u00fcrnberg\"}]},{\"@type\":\"WebSite\",\"@id\":\"https:\\\/\\\/www.recht-hr.de\\\/ru\\\/#website\",\"url\":\"https:\\\/\\\/www.recht-hr.de\\\/ru\\\/\",\"name\":\"Haferkorn \u2022 Rimscha\",\"description\":\"law &amp; tax office\",\"publisher\":{\"@id\":\"https:\\\/\\\/www.recht-hr.de\\\/ru\\\/#organization\"},\"potentialAction\":[{\"@type\":\"SearchAction\",\"target\":{\"@type\":\"EntryPoint\",\"urlTemplate\":\"https:\\\/\\\/www.recht-hr.de\\\/ru\\\/?s={search_term_string}\"},\"query-input\":{\"@type\":\"PropertyValueSpecification\",\"valueRequired\":true,\"valueName\":\"search_term_string\"}}],\"inLanguage\":\"en-US\"},{\"@type\":\"Organization\",\"@id\":\"https:\\\/\\\/www.recht-hr.de\\\/ru\\\/#organization\",\"name\":\"Haferkorn \u2022 Rimscha \u2022 Rechtsanwalts- und Steuerkanzlei\",\"url\":\"https:\\\/\\\/www.recht-hr.de\\\/ru\\\/\",\"logo\":{\"@type\":\"ImageObject\",\"inLanguage\":\"en-US\",\"@id\":\"https:\\\/\\\/www.recht-hr.de\\\/ru\\\/#\\\/schema\\\/logo\\\/image\\\/\",\"url\":\"https:\\\/\\\/www.recht-hr.de\\\/wp-content\\\/uploads\\\/2018\\\/12\\\/apple-touch-icon.png\",\"contentUrl\":\"https:\\\/\\\/www.recht-hr.de\\\/wp-content\\\/uploads\\\/2018\\\/12\\\/apple-touch-icon.png\",\"width\":180,\"height\":180,\"caption\":\"Haferkorn \u2022 Rimscha \u2022 Rechtsanwalts- und Steuerkanzlei\"},\"image\":{\"@id\":\"https:\\\/\\\/www.recht-hr.de\\\/ru\\\/#\\\/schema\\\/logo\\\/image\\\/\"},\"sameAs\":[\"http:\\\/\\\/www.facebook.com\\\/recht.hr\"]},{\"@type\":\"Person\",\"@id\":\"https:\\\/\\\/www.recht-hr.de\\\/ru\\\/#\\\/schema\\\/person\\\/2a940e5cbe3e257c1e8e04b4ed198ad9\",\"name\":\"J\u00f6rg Haferkorn\",\"url\":\"https:\\\/\\\/www.recht-hr.de\\\/en\\\/author\\\/joerg-haferkorn\\\/\"}]}<\/script>\n<!-- \/ Yoast SEO plugin. -->","yoast_head_json":{"title":"Rechtsanwalt J\u00f6rg Haferkorn referiert bei gealagt.de-Regionaltreffen N\u00fcrnberg - Haferkorn \u2022 Rimscha","robots":{"index":"index","follow":"follow","max-snippet":"max-snippet:-1","max-image-preview":"max-image-preview:large","max-video-preview":"max-video-preview:-1"},"canonical":"https:\/\/www.recht-hr.de\/ru\/rechtsanwalt-joerg-haferkorn-referiert-bei-gealagt-de-regionaltreffen-nuernberg\/","og_locale":"en_US","og_type":"article","og_title":"Rechtsanwalt J\u00f6rg Haferkorn referiert bei gealagt.de-Regionaltreffen N\u00fcrnberg - Haferkorn \u2022 Rimscha","og_url":"https:\/\/www.recht-hr.de\/ru\/rechtsanwalt-joerg-haferkorn-referiert-bei-gealagt-de-regionaltreffen-nuernberg\/","og_site_name":"Haferkorn \u2022 Rimscha","article_publisher":"http:\/\/www.facebook.com\/recht.hr","article_published_time":"2011-08-18T22:30:44+00:00","author":"J\u00f6rg Haferkorn","twitter_card":"summary_large_image","twitter_misc":{"Written by":"J\u00f6rg Haferkorn"},"schema":{"@context":"https:\/\/schema.org","@graph":[{"@type":"Article","@id":"https:\/\/www.recht-hr.de\/ru\/rechtsanwalt-joerg-haferkorn-referiert-bei-gealagt-de-regionaltreffen-nuernberg\/#article","isPartOf":{"@id":"https:\/\/www.recht-hr.de\/ru\/rechtsanwalt-joerg-haferkorn-referiert-bei-gealagt-de-regionaltreffen-nuernberg\/"},"author":{"name":"J\u00f6rg Haferkorn","@id":"https:\/\/www.recht-hr.de\/ru\/#\/schema\/person\/2a940e5cbe3e257c1e8e04b4ed198ad9"},"headline":"Rechtsanwalt J\u00f6rg Haferkorn referiert bei gealagt.de-Regionaltreffen N\u00fcrnberg","datePublished":"2011-08-18T22:30:44+00:00","mainEntityOfPage":{"@id":"https:\/\/www.recht-hr.de\/ru\/rechtsanwalt-joerg-haferkorn-referiert-bei-gealagt-de-regionaltreffen-nuernberg\/"},"wordCount":40,"commentCount":0,"publisher":{"@id":"https:\/\/www.recht-hr.de\/ru\/#organization"},"articleSection":["Allgemein"],"inLanguage":"en-US","potentialAction":[{"@type":"CommentAction","name":"Comment","target":["https:\/\/www.recht-hr.de\/ru\/rechtsanwalt-joerg-haferkorn-referiert-bei-gealagt-de-regionaltreffen-nuernberg\/#respond"]}]},{"@type":"WebPage","@id":"https:\/\/www.recht-hr.de\/ru\/rechtsanwalt-joerg-haferkorn-referiert-bei-gealagt-de-regionaltreffen-nuernberg\/","url":"https:\/\/www.recht-hr.de\/ru\/rechtsanwalt-joerg-haferkorn-referiert-bei-gealagt-de-regionaltreffen-nuernberg\/","name":"Rechtsanwalt J\u00f6rg Haferkorn referiert bei gealagt.de-Regionaltreffen N\u00fcrnberg - Haferkorn \u2022 Rimscha","isPartOf":{"@id":"https:\/\/www.recht-hr.de\/ru\/#website"},"datePublished":"2011-08-18T22:30:44+00:00","breadcrumb":{"@id":"https:\/\/www.recht-hr.de\/ru\/rechtsanwalt-joerg-haferkorn-referiert-bei-gealagt-de-regionaltreffen-nuernberg\/#breadcrumb"},"inLanguage":"en-US","potentialAction":[{"@type":"ReadAction","target":["https:\/\/www.recht-hr.de\/ru\/rechtsanwalt-joerg-haferkorn-referiert-bei-gealagt-de-regionaltreffen-nuernberg\/"]}]},{"@type":"BreadcrumbList","@id":"https:\/\/www.recht-hr.de\/ru\/rechtsanwalt-joerg-haferkorn-referiert-bei-gealagt-de-regionaltreffen-nuernberg\/#breadcrumb","itemListElement":[{"@type":"ListItem","position":1,"name":"Startseite","item":"https:\/\/www.recht-hr.de\/"},{"@type":"ListItem","position":2,"name":"Rechtsanwalt J\u00f6rg Haferkorn referiert bei gealagt.de-Regionaltreffen N\u00fcrnberg"}]},{"@type":"WebSite","@id":"https:\/\/www.recht-hr.de\/ru\/#website","url":"https:\/\/www.recht-hr.de\/ru\/","name":"Haferkorn \u2022 Rimscha","description":"law &amp; tax office","publisher":{"@id":"https:\/\/www.recht-hr.de\/ru\/#organization"},"potentialAction":[{"@type":"SearchAction","target":{"@type":"EntryPoint","urlTemplate":"https:\/\/www.recht-hr.de\/ru\/?s={search_term_string}"},"query-input":{"@type":"PropertyValueSpecification","valueRequired":true,"valueName":"search_term_string"}}],"inLanguage":"en-US"},{"@type":"Organization","@id":"https:\/\/www.recht-hr.de\/ru\/#organization","name":"Haferkorn \u2022 Rimscha \u2022 Rechtsanwalts- und Steuerkanzlei","url":"https:\/\/www.recht-hr.de\/ru\/","logo":{"@type":"ImageObject","inLanguage":"en-US","@id":"https:\/\/www.recht-hr.de\/ru\/#\/schema\/logo\/image\/","url":"https:\/\/www.recht-hr.de\/wp-content\/uploads\/2018\/12\/apple-touch-icon.png","contentUrl":"https:\/\/www.recht-hr.de\/wp-content\/uploads\/2018\/12\/apple-touch-icon.png","width":180,"height":180,"caption":"Haferkorn \u2022 Rimscha \u2022 Rechtsanwalts- und Steuerkanzlei"},"image":{"@id":"https:\/\/www.recht-hr.de\/ru\/#\/schema\/logo\/image\/"},"sameAs":["http:\/\/www.facebook.com\/recht.hr"]},{"@type":"Person","@id":"https:\/\/www.recht-hr.de\/ru\/#\/schema\/person\/2a940e5cbe3e257c1e8e04b4ed198ad9","name":"J\u00f6rg Haferkorn","url":"https:\/\/www.recht-hr.de\/en\/author\/joerg-haferkorn\/"}]}},"_links":{"self":[{"href":"https:\/\/www.recht-hr.de\/en\/wp-json\/wp\/v2\/posts\/1302","targetHints":{"allow":["GET"]}}],"collection":[{"href":"https:\/\/www.recht-hr.de\/en\/wp-json\/wp\/v2\/posts"}],"about":[{"href":"https:\/\/www.recht-hr.de\/en\/wp-json\/wp\/v2\/types\/post"}],"author":[{"embeddable":true,"href":"https:\/\/www.recht-hr.de\/en\/wp-json\/wp\/v2\/users\/3"}],"replies":[{"embeddable":true,"href":"https:\/\/www.recht-hr.de\/en\/wp-json\/wp\/v2\/comments?post=1302"}],"version-history":[{"count":0,"href":"https:\/\/www.recht-hr.de\/en\/wp-json\/wp\/v2\/posts\/1302\/revisions"}],"wp:attachment":[{"href":"https:\/\/www.recht-hr.de\/en\/wp-json\/wp\/v2\/media?parent=1302"}],"wp:term":[{"taxonomy":"category","embeddable":true,"href":"https:\/\/www.recht-hr.de\/en\/wp-json\/wp\/v2\/categories?post=1302"},{"taxonomy":"post_tag","embeddable":true,"href":"https:\/\/www.recht-hr.de\/en\/wp-json\/wp\/v2\/tags?post=1302"}],"curies":[{"name":"wp","href":"https:\/\/api.w.org\/{rel}","templated":true}]}}