{"id":1886,"date":"2016-08-10T13:39:28","date_gmt":"2016-08-10T11:39:28","guid":{"rendered":"http:\/\/www.recht-hr.de\/?p=1886"},"modified":"2016-08-10T13:39:28","modified_gmt":"2016-08-10T11:39:28","slug":"neues-um-alag","status":"publish","type":"post","link":"https:\/\/www.recht-hr.de\/ru\/neues-um-alag\/","title":{"rendered":"Neues um ALAG"},"content":{"rendered":"<p>ALAG nimmt Berufung vor dem Landgericht Osnabr\u00fcck zur\u00fcck. Anscheinend hat die ALAG angesichts der eindeutigen und mehr als schl\u00fcssigen Ausf\u00fchrungen des Landgerichts Osnabr\u00fcck erkannt, da\u00df es keinerlei Argumente mehr gegen die Annahme einer Verj\u00e4hrung der von ihr verfolgten Anspr\u00fcche gibt.<\/p>\n<p>AG Regensburg weist Klage der ALAG unter Bezugnahme auf die Rechtsprechung des Bundesgerichtshofs und stellt dabei seft, da\u00df mit dem Liquidationsbeschlu\u00df aus dem Jahr 2009 eine Vollst\u00e4ndige Beendigung der stillen Gesellschaft eingetreten ist und stellt im \u00fcbrigen fest, da\u00df die ALAG ein eventuelles Abfindungsguthaben auf den Stichtag 15.12.2009 h\u00e4tte ermitteln lassen m\u00fcssen.<\/p>\n","protected":false},"excerpt":{"rendered":"<p>ALAG nimmt Berufung vor dem Landgericht Osnabr\u00fcck zur\u00fcck. Anscheinend hat die ALAG angesichts der eindeutigen und mehr als schl\u00fcssigen Ausf\u00fchrungen des Landgerichts Osnabr\u00fcck erkannt, da\u00df es keinerlei Argumente mehr gegen die Annahme einer Verj\u00e4hrung der von ihr verfolgten Anspr\u00fcche gibt. AG Regensburg weist Klage der ALAG unter Bezugnahme auf die Rechtsprechung des Bundesgerichtshofs und stellt [&hellip;]<\/p>\n","protected":false},"author":3,"featured_media":0,"comment_status":"closed","ping_status":"closed","sticky":false,"template":"","format":"standard","meta":{"footnotes":""},"categories":[1],"tags":[],"class_list":["post-1886","post","type-post","status-publish","format-standard","hentry","category-allgemein"],"translation":{"provider":"WPGlobus","version":"3.0.2","language":"ru","enabled_languages":["de","en","ru"],"languages":{"de":{"title":true,"content":true,"excerpt":false},"en":{"title":false,"content":false,"excerpt":false},"ru":{"title":false,"content":false,"excerpt":false}}},"yoast_head":"<!-- This site is optimized with the Yoast SEO plugin v27.5 - https:\/\/yoast.com\/product\/yoast-seo-wordpress\/ -->\n<title>Neues um ALAG - \u0425\u0430\u0444\u0435\u0440\u043a\u043e\u0440\u043d \u2022 \u0420\u0438\u043c\u0448\u0430<\/title>\n<meta name=\"robots\" content=\"index, follow, max-snippet:-1, max-image-preview:large, max-video-preview:-1\" \/>\n<link rel=\"canonical\" href=\"https:\/\/www.recht-hr.de\/neues-um-alag\/\" \/>\n<meta property=\"og:locale\" content=\"ru_RU\" \/>\n<meta property=\"og:type\" content=\"article\" \/>\n<meta property=\"og:title\" content=\"Neues um ALAG - \u0425\u0430\u0444\u0435\u0440\u043a\u043e\u0440\u043d \u2022 \u0420\u0438\u043c\u0448\u0430\" \/>\n<meta property=\"og:url\" content=\"https:\/\/www.recht-hr.de\/neues-um-alag\/\" \/>\n<meta property=\"og:site_name\" content=\"\u0425\u0430\u0444\u0435\u0440\u043a\u043e\u0440\u043d \u2022 \u0420\u0438\u043c\u0448\u0430\" \/>\n<meta property=\"article:publisher\" content=\"http:\/\/www.facebook.com\/recht.hr\" \/>\n<meta property=\"article:published_time\" content=\"2016-08-10T11:39:28+00:00\" \/>\n<meta name=\"author\" content=\"J\u00f6rg Haferkorn\" \/>\n<meta name=\"twitter:card\" content=\"summary_large_image\" \/>\n<meta name=\"twitter:label1\" content=\"Written by\" \/>\n\t<meta name=\"twitter:data1\" content=\"J\u00f6rg Haferkorn\" \/>\n\t<meta name=\"twitter:label2\" content=\"Est. reading time\" \/>\n\t<meta name=\"twitter:data2\" content=\"1 minute\" \/>\n<script type=\"application\/ld+json\" class=\"yoast-schema-graph\">{\"@context\":\"https:\\\/\\\/schema.org\",\"@graph\":[{\"@type\":\"Article\",\"@id\":\"https:\\\/\\\/www.recht-hr.de\\\/neues-um-alag\\\/#article\",\"isPartOf\":{\"@id\":\"https:\\\/\\\/www.recht-hr.de\\\/neues-um-alag\\\/\"},\"author\":{\"name\":\"J\u00f6rg Haferkorn\",\"@id\":\"https:\\\/\\\/www.recht-hr.de\\\/ru\\\/#\\\/schema\\\/person\\\/2a940e5cbe3e257c1e8e04b4ed198ad9\"},\"headline\":\"Neues um ALAG\",\"datePublished\":\"2016-08-10T11:39:28+00:00\",\"mainEntityOfPage\":{\"@id\":\"https:\\\/\\\/www.recht-hr.de\\\/neues-um-alag\\\/\"},\"wordCount\":103,\"publisher\":{\"@id\":\"https:\\\/\\\/www.recht-hr.de\\\/ru\\\/#organization\"},\"articleSection\":[\"Allgemein\"],\"inLanguage\":\"ru-RU\"},{\"@type\":\"WebPage\",\"@id\":\"https:\\\/\\\/www.recht-hr.de\\\/neues-um-alag\\\/\",\"url\":\"https:\\\/\\\/www.recht-hr.de\\\/neues-um-alag\\\/\",\"name\":\"Neues um ALAG - \u0425\u0430\u0444\u0435\u0440\u043a\u043e\u0440\u043d \u2022 \u0420\u0438\u043c\u0448\u0430\",\"isPartOf\":{\"@id\":\"https:\\\/\\\/www.recht-hr.de\\\/ru\\\/#website\"},\"datePublished\":\"2016-08-10T11:39:28+00:00\",\"breadcrumb\":{\"@id\":\"https:\\\/\\\/www.recht-hr.de\\\/neues-um-alag\\\/#breadcrumb\"},\"inLanguage\":\"ru-RU\",\"potentialAction\":[{\"@type\":\"ReadAction\",\"target\":[\"https:\\\/\\\/www.recht-hr.de\\\/neues-um-alag\\\/\"]}]},{\"@type\":\"BreadcrumbList\",\"@id\":\"https:\\\/\\\/www.recht-hr.de\\\/neues-um-alag\\\/#breadcrumb\",\"itemListElement\":[{\"@type\":\"ListItem\",\"position\":1,\"name\":\"Startseite\",\"item\":\"https:\\\/\\\/www.recht-hr.de\\\/\"},{\"@type\":\"ListItem\",\"position\":2,\"name\":\"Neues um ALAG\"}]},{\"@type\":\"WebSite\",\"@id\":\"https:\\\/\\\/www.recht-hr.de\\\/ru\\\/#website\",\"url\":\"https:\\\/\\\/www.recht-hr.de\\\/ru\\\/\",\"name\":\"Haferkorn \u2022 Rimscha\",\"description\":\"\u044e\u0440\u0438\u0434\u0438\u0447\u0435\u0441\u043a\u0430\u044f \u0438 \u043d\u0430\u043b\u043e\u0433\u043e\u0432\u0430\u044f \u043a\u0430\u043d\u0446\u0435\u043b\u044f\u0440\u0438\u044f\",\"publisher\":{\"@id\":\"https:\\\/\\\/www.recht-hr.de\\\/ru\\\/#organization\"},\"potentialAction\":[{\"@type\":\"SearchAction\",\"target\":{\"@type\":\"EntryPoint\",\"urlTemplate\":\"https:\\\/\\\/www.recht-hr.de\\\/ru\\\/?s={search_term_string}\"},\"query-input\":{\"@type\":\"PropertyValueSpecification\",\"valueRequired\":true,\"valueName\":\"search_term_string\"}}],\"inLanguage\":\"ru-RU\"},{\"@type\":\"Organization\",\"@id\":\"https:\\\/\\\/www.recht-hr.de\\\/ru\\\/#organization\",\"name\":\"Haferkorn \u2022 Rimscha \u2022 Rechtsanwalts- und Steuerkanzlei\",\"url\":\"https:\\\/\\\/www.recht-hr.de\\\/ru\\\/\",\"logo\":{\"@type\":\"ImageObject\",\"inLanguage\":\"ru-RU\",\"@id\":\"https:\\\/\\\/www.recht-hr.de\\\/ru\\\/#\\\/schema\\\/logo\\\/image\\\/\",\"url\":\"https:\\\/\\\/www.recht-hr.de\\\/wp-content\\\/uploads\\\/2018\\\/12\\\/apple-touch-icon.png\",\"contentUrl\":\"https:\\\/\\\/www.recht-hr.de\\\/wp-content\\\/uploads\\\/2018\\\/12\\\/apple-touch-icon.png\",\"width\":180,\"height\":180,\"caption\":\"Haferkorn \u2022 Rimscha \u2022 Rechtsanwalts- und Steuerkanzlei\"},\"image\":{\"@id\":\"https:\\\/\\\/www.recht-hr.de\\\/ru\\\/#\\\/schema\\\/logo\\\/image\\\/\"},\"sameAs\":[\"http:\\\/\\\/www.facebook.com\\\/recht.hr\"]},{\"@type\":\"Person\",\"@id\":\"https:\\\/\\\/www.recht-hr.de\\\/ru\\\/#\\\/schema\\\/person\\\/2a940e5cbe3e257c1e8e04b4ed198ad9\",\"name\":\"J\u00f6rg Haferkorn\",\"url\":\"https:\\\/\\\/www.recht-hr.de\\\/ru\\\/author\\\/joerg-haferkorn\\\/\"}]}<\/script>\n<!-- \/ Yoast SEO plugin. -->","yoast_head_json":{"title":"Neues um ALAG - \u0425\u0430\u0444\u0435\u0440\u043a\u043e\u0440\u043d \u2022 \u0420\u0438\u043c\u0448\u0430","robots":{"index":"index","follow":"follow","max-snippet":"max-snippet:-1","max-image-preview":"max-image-preview:large","max-video-preview":"max-video-preview:-1"},"canonical":"https:\/\/www.recht-hr.de\/neues-um-alag\/","og_locale":"ru_RU","og_type":"article","og_title":"Neues um ALAG - \u0425\u0430\u0444\u0435\u0440\u043a\u043e\u0440\u043d \u2022 \u0420\u0438\u043c\u0448\u0430","og_url":"https:\/\/www.recht-hr.de\/neues-um-alag\/","og_site_name":"\u0425\u0430\u0444\u0435\u0440\u043a\u043e\u0440\u043d \u2022 \u0420\u0438\u043c\u0448\u0430","article_publisher":"http:\/\/www.facebook.com\/recht.hr","article_published_time":"2016-08-10T11:39:28+00:00","author":"J\u00f6rg Haferkorn","twitter_card":"summary_large_image","twitter_misc":{"Written by":"J\u00f6rg Haferkorn","Est. reading time":"1 minute"},"schema":{"@context":"https:\/\/schema.org","@graph":[{"@type":"Article","@id":"https:\/\/www.recht-hr.de\/neues-um-alag\/#article","isPartOf":{"@id":"https:\/\/www.recht-hr.de\/neues-um-alag\/"},"author":{"name":"J\u00f6rg Haferkorn","@id":"https:\/\/www.recht-hr.de\/ru\/#\/schema\/person\/2a940e5cbe3e257c1e8e04b4ed198ad9"},"headline":"Neues um ALAG","datePublished":"2016-08-10T11:39:28+00:00","mainEntityOfPage":{"@id":"https:\/\/www.recht-hr.de\/neues-um-alag\/"},"wordCount":103,"publisher":{"@id":"https:\/\/www.recht-hr.de\/ru\/#organization"},"articleSection":["Allgemein"],"inLanguage":"ru-RU"},{"@type":"WebPage","@id":"https:\/\/www.recht-hr.de\/neues-um-alag\/","url":"https:\/\/www.recht-hr.de\/neues-um-alag\/","name":"Neues um ALAG - \u0425\u0430\u0444\u0435\u0440\u043a\u043e\u0440\u043d \u2022 \u0420\u0438\u043c\u0448\u0430","isPartOf":{"@id":"https:\/\/www.recht-hr.de\/ru\/#website"},"datePublished":"2016-08-10T11:39:28+00:00","breadcrumb":{"@id":"https:\/\/www.recht-hr.de\/neues-um-alag\/#breadcrumb"},"inLanguage":"ru-RU","potentialAction":[{"@type":"ReadAction","target":["https:\/\/www.recht-hr.de\/neues-um-alag\/"]}]},{"@type":"BreadcrumbList","@id":"https:\/\/www.recht-hr.de\/neues-um-alag\/#breadcrumb","itemListElement":[{"@type":"ListItem","position":1,"name":"Startseite","item":"https:\/\/www.recht-hr.de\/"},{"@type":"ListItem","position":2,"name":"Neues um ALAG"}]},{"@type":"WebSite","@id":"https:\/\/www.recht-hr.de\/ru\/#website","url":"https:\/\/www.recht-hr.de\/ru\/","name":"Haferkorn \u2022 Rimscha","description":"\u044e\u0440\u0438\u0434\u0438\u0447\u0435\u0441\u043a\u0430\u044f \u0438 \u043d\u0430\u043b\u043e\u0433\u043e\u0432\u0430\u044f \u043a\u0430\u043d\u0446\u0435\u043b\u044f\u0440\u0438\u044f","publisher":{"@id":"https:\/\/www.recht-hr.de\/ru\/#organization"},"potentialAction":[{"@type":"SearchAction","target":{"@type":"EntryPoint","urlTemplate":"https:\/\/www.recht-hr.de\/ru\/?s={search_term_string}"},"query-input":{"@type":"PropertyValueSpecification","valueRequired":true,"valueName":"search_term_string"}}],"inLanguage":"ru-RU"},{"@type":"Organization","@id":"https:\/\/www.recht-hr.de\/ru\/#organization","name":"Haferkorn \u2022 Rimscha \u2022 Rechtsanwalts- und Steuerkanzlei","url":"https:\/\/www.recht-hr.de\/ru\/","logo":{"@type":"ImageObject","inLanguage":"ru-RU","@id":"https:\/\/www.recht-hr.de\/ru\/#\/schema\/logo\/image\/","url":"https:\/\/www.recht-hr.de\/wp-content\/uploads\/2018\/12\/apple-touch-icon.png","contentUrl":"https:\/\/www.recht-hr.de\/wp-content\/uploads\/2018\/12\/apple-touch-icon.png","width":180,"height":180,"caption":"Haferkorn \u2022 Rimscha \u2022 Rechtsanwalts- und Steuerkanzlei"},"image":{"@id":"https:\/\/www.recht-hr.de\/ru\/#\/schema\/logo\/image\/"},"sameAs":["http:\/\/www.facebook.com\/recht.hr"]},{"@type":"Person","@id":"https:\/\/www.recht-hr.de\/ru\/#\/schema\/person\/2a940e5cbe3e257c1e8e04b4ed198ad9","name":"J\u00f6rg Haferkorn","url":"https:\/\/www.recht-hr.de\/ru\/author\/joerg-haferkorn\/"}]}},"_links":{"self":[{"href":"https:\/\/www.recht-hr.de\/ru\/wp-json\/wp\/v2\/posts\/1886","targetHints":{"allow":["GET"]}}],"collection":[{"href":"https:\/\/www.recht-hr.de\/ru\/wp-json\/wp\/v2\/posts"}],"about":[{"href":"https:\/\/www.recht-hr.de\/ru\/wp-json\/wp\/v2\/types\/post"}],"author":[{"embeddable":true,"href":"https:\/\/www.recht-hr.de\/ru\/wp-json\/wp\/v2\/users\/3"}],"replies":[{"embeddable":true,"href":"https:\/\/www.recht-hr.de\/ru\/wp-json\/wp\/v2\/comments?post=1886"}],"version-history":[{"count":0,"href":"https:\/\/www.recht-hr.de\/ru\/wp-json\/wp\/v2\/posts\/1886\/revisions"}],"wp:attachment":[{"href":"https:\/\/www.recht-hr.de\/ru\/wp-json\/wp\/v2\/media?parent=1886"}],"wp:term":[{"taxonomy":"category","embeddable":true,"href":"https:\/\/www.recht-hr.de\/ru\/wp-json\/wp\/v2\/categories?post=1886"},{"taxonomy":"post_tag","embeddable":true,"href":"https:\/\/www.recht-hr.de\/ru\/wp-json\/wp\/v2\/tags?post=1886"}],"curies":[{"name":"wp","href":"https:\/\/api.w.org\/{rel}","templated":true}]}}