{"id":2746,"date":"2022-06-30T12:16:01","date_gmt":"2022-06-30T10:16:01","guid":{"rendered":"https:\/\/www.recht-hr.de\/?p=2746"},"modified":"2022-06-30T12:16:17","modified_gmt":"2022-06-30T10:16:17","slug":"grundsteuer-handlungsbedarf-fuer-grundstueckseigentuemer","status":"publish","type":"post","link":"https:\/\/www.recht-hr.de\/ru\/grundsteuer-handlungsbedarf-fuer-grundstueckseigentuemer\/","title":{"rendered":"Grundsteuer &#8211; Handlungsbedarf f\u00fcr Grundst\u00fcckseigent\u00fcmer"},"content":{"rendered":"\n<p>Viele Grundst\u00fcckseigent\u00fcmer haben schon davon geh\u00f6rt, und wer es noch nicht geh\u00f6rt hat, sollte jetzt genau lesen, denn es betrifft alle Grundst\u00fcckseigent\u00fcmer in Deutschland.<\/p>\n\n\n\n<p>Jetzt handeln ist angesagt: Jeder Grundst\u00fcckseigent\u00fcmer ist gesetzlich verpflichtet, zwischen Juli und Oktober 2022 eine Grundsteuererkl\u00e4rung abzugeben. Der sp\u00e4teste Termin f\u00fcr die Abgabe der Grundsteuererkl\u00e4rung ist der 31. Oktober 2022.<\/p>\n\n\n\n<p>Warum ist das so? Der Gesetzgeber musste nach einer Entscheidung des Bundesverfassungsgerichts die Ermittlung der Grundsteuer neu regeln, da die bisherigen Grundlagen veraltet sind.<\/p>\n\n\n\n<p>Nun wurden neue Regelungen hierf\u00fcr geschaffen, die sich je nach Bundesland unterscheiden. Gerne helfen wir Ihnen bei der Erstellung der Grundsteuererkl\u00e4rung, unabh\u00e4ngig davon, in welchem Bundesland sich Ihre Immobilie befindet und ob es sich um Wohngeb\u00e4ude, Gesch\u00e4ftsgrundst\u00fccke oder Grundst\u00fccke im Bereich von Land- und Forstwirtschaft handelt.<\/p>\n\n\n\n<p>Wir erfassen und \u00fcbermitteln die erforderlichen Daten f\u00fcr Sie an das Finanzamt. Auf Basis dieser Daten wird das Finanzamt den Grundsteuerwertbescheid und den Grundsteuermessbescheid erlassen, der dann f\u00fcr Ihre Stadt oder Gemeinde, in der sich das Grundst\u00fcck befindet, Grundlage f\u00fcr die Festsetzung der Grundsteuer sein wird.<\/p>\n\n\n\n<p>Kommen Sie einfach auf uns zu und helfen Ihnen durch die neuen Regelungen hindurch!<\/p>\n","protected":false},"excerpt":{"rendered":"<p>Viele Grundst\u00fcckseigent\u00fcmer haben schon davon geh\u00f6rt, und wer es noch nicht geh\u00f6rt hat, sollte jetzt genau lesen, denn es betrifft alle Grundst\u00fcckseigent\u00fcmer in Deutschland. Jetzt handeln ist angesagt: Jeder Grundst\u00fcckseigent\u00fcmer ist gesetzlich verpflichtet, zwischen Juli und Oktober 2022 eine Grundsteuererkl\u00e4rung abzugeben. Der sp\u00e4teste Termin f\u00fcr die Abgabe der Grundsteuererkl\u00e4rung ist der 31. Oktober 2022. Warum [&hellip;]<\/p>\n","protected":false},"author":3,"featured_media":0,"comment_status":"closed","ping_status":"closed","sticky":false,"template":"","format":"standard","meta":{"footnotes":""},"categories":[1],"tags":[],"class_list":["post-2746","post","type-post","status-publish","format-standard","hentry","category-allgemein"],"translation":{"provider":"WPGlobus","version":"3.0.2","language":"ru","enabled_languages":["de","en","ru"],"languages":{"de":{"title":true,"content":true,"excerpt":false},"en":{"title":false,"content":false,"excerpt":false},"ru":{"title":false,"content":false,"excerpt":false}}},"yoast_head":"<!-- This site is optimized with the Yoast SEO plugin v27.4 - https:\/\/yoast.com\/product\/yoast-seo-wordpress\/ -->\n<title>Grundsteuer - Handlungsbedarf f\u00fcr Grundst\u00fcckseigent\u00fcmer - \u0425\u0430\u0444\u0435\u0440\u043a\u043e\u0440\u043d \u2022 \u0420\u0438\u043c\u0448\u0430<\/title>\n<meta name=\"robots\" content=\"index, follow, max-snippet:-1, max-image-preview:large, max-video-preview:-1\" \/>\n<link rel=\"canonical\" href=\"https:\/\/www.recht-hr.de\/grundsteuer-handlungsbedarf-fuer-grundstueckseigentuemer\/\" \/>\n<meta property=\"og:locale\" content=\"ru_RU\" \/>\n<meta property=\"og:type\" content=\"article\" \/>\n<meta property=\"og:title\" content=\"Grundsteuer - Handlungsbedarf f\u00fcr Grundst\u00fcckseigent\u00fcmer - \u0425\u0430\u0444\u0435\u0440\u043a\u043e\u0440\u043d \u2022 \u0420\u0438\u043c\u0448\u0430\" \/>\n<meta property=\"og:url\" content=\"https:\/\/www.recht-hr.de\/grundsteuer-handlungsbedarf-fuer-grundstueckseigentuemer\/\" \/>\n<meta property=\"og:site_name\" content=\"\u0425\u0430\u0444\u0435\u0440\u043a\u043e\u0440\u043d \u2022 \u0420\u0438\u043c\u0448\u0430\" \/>\n<meta property=\"article:publisher\" content=\"http:\/\/www.facebook.com\/recht.hr\" \/>\n<meta property=\"article:published_time\" content=\"2022-06-30T10:16:01+00:00\" \/>\n<meta property=\"article:modified_time\" content=\"2022-06-30T10:16:17+00:00\" \/>\n<meta name=\"author\" content=\"J\u00f6rg Haferkorn\" \/>\n<meta name=\"twitter:card\" content=\"summary_large_image\" \/>\n<meta name=\"twitter:label1\" content=\"Written by\" \/>\n\t<meta name=\"twitter:data1\" content=\"J\u00f6rg Haferkorn\" \/>\n\t<meta name=\"twitter:label2\" content=\"Est. reading time\" \/>\n\t<meta name=\"twitter:data2\" content=\"2 minutes\" \/>\n<script type=\"application\/ld+json\" class=\"yoast-schema-graph\">{\"@context\":\"https:\\\/\\\/schema.org\",\"@graph\":[{\"@type\":\"Article\",\"@id\":\"https:\\\/\\\/www.recht-hr.de\\\/grundsteuer-handlungsbedarf-fuer-grundstueckseigentuemer\\\/#article\",\"isPartOf\":{\"@id\":\"https:\\\/\\\/www.recht-hr.de\\\/grundsteuer-handlungsbedarf-fuer-grundstueckseigentuemer\\\/\"},\"author\":{\"name\":\"J\u00f6rg Haferkorn\",\"@id\":\"https:\\\/\\\/www.recht-hr.de\\\/ru\\\/#\\\/schema\\\/person\\\/2a940e5cbe3e257c1e8e04b4ed198ad9\"},\"headline\":\"Grundsteuer &#8211; Handlungsbedarf f\u00fcr Grundst\u00fcckseigent\u00fcmer\",\"datePublished\":\"2022-06-30T10:16:01+00:00\",\"dateModified\":\"2022-06-30T10:16:17+00:00\",\"mainEntityOfPage\":{\"@id\":\"https:\\\/\\\/www.recht-hr.de\\\/grundsteuer-handlungsbedarf-fuer-grundstueckseigentuemer\\\/\"},\"wordCount\":212,\"publisher\":{\"@id\":\"https:\\\/\\\/www.recht-hr.de\\\/ru\\\/#organization\"},\"articleSection\":[\"Allgemein\"],\"inLanguage\":\"ru-RU\"},{\"@type\":\"WebPage\",\"@id\":\"https:\\\/\\\/www.recht-hr.de\\\/grundsteuer-handlungsbedarf-fuer-grundstueckseigentuemer\\\/\",\"url\":\"https:\\\/\\\/www.recht-hr.de\\\/grundsteuer-handlungsbedarf-fuer-grundstueckseigentuemer\\\/\",\"name\":\"Grundsteuer - Handlungsbedarf f\u00fcr Grundst\u00fcckseigent\u00fcmer - \u0425\u0430\u0444\u0435\u0440\u043a\u043e\u0440\u043d \u2022 \u0420\u0438\u043c\u0448\u0430\",\"isPartOf\":{\"@id\":\"https:\\\/\\\/www.recht-hr.de\\\/ru\\\/#website\"},\"datePublished\":\"2022-06-30T10:16:01+00:00\",\"dateModified\":\"2022-06-30T10:16:17+00:00\",\"breadcrumb\":{\"@id\":\"https:\\\/\\\/www.recht-hr.de\\\/grundsteuer-handlungsbedarf-fuer-grundstueckseigentuemer\\\/#breadcrumb\"},\"inLanguage\":\"ru-RU\",\"potentialAction\":[{\"@type\":\"ReadAction\",\"target\":[\"https:\\\/\\\/www.recht-hr.de\\\/grundsteuer-handlungsbedarf-fuer-grundstueckseigentuemer\\\/\"]}]},{\"@type\":\"BreadcrumbList\",\"@id\":\"https:\\\/\\\/www.recht-hr.de\\\/grundsteuer-handlungsbedarf-fuer-grundstueckseigentuemer\\\/#breadcrumb\",\"itemListElement\":[{\"@type\":\"ListItem\",\"position\":1,\"name\":\"Startseite\",\"item\":\"https:\\\/\\\/www.recht-hr.de\\\/\"},{\"@type\":\"ListItem\",\"position\":2,\"name\":\"Grundsteuer &#8211; Handlungsbedarf f\u00fcr Grundst\u00fcckseigent\u00fcmer\"}]},{\"@type\":\"WebSite\",\"@id\":\"https:\\\/\\\/www.recht-hr.de\\\/ru\\\/#website\",\"url\":\"https:\\\/\\\/www.recht-hr.de\\\/ru\\\/\",\"name\":\"Haferkorn \u2022 Rimscha\",\"description\":\"\u044e\u0440\u0438\u0434\u0438\u0447\u0435\u0441\u043a\u0430\u044f \u0438 \u043d\u0430\u043b\u043e\u0433\u043e\u0432\u0430\u044f \u043a\u0430\u043d\u0446\u0435\u043b\u044f\u0440\u0438\u044f\",\"publisher\":{\"@id\":\"https:\\\/\\\/www.recht-hr.de\\\/ru\\\/#organization\"},\"potentialAction\":[{\"@type\":\"SearchAction\",\"target\":{\"@type\":\"EntryPoint\",\"urlTemplate\":\"https:\\\/\\\/www.recht-hr.de\\\/ru\\\/?s={search_term_string}\"},\"query-input\":{\"@type\":\"PropertyValueSpecification\",\"valueRequired\":true,\"valueName\":\"search_term_string\"}}],\"inLanguage\":\"ru-RU\"},{\"@type\":\"Organization\",\"@id\":\"https:\\\/\\\/www.recht-hr.de\\\/ru\\\/#organization\",\"name\":\"Haferkorn \u2022 Rimscha \u2022 Rechtsanwalts- und Steuerkanzlei\",\"url\":\"https:\\\/\\\/www.recht-hr.de\\\/ru\\\/\",\"logo\":{\"@type\":\"ImageObject\",\"inLanguage\":\"ru-RU\",\"@id\":\"https:\\\/\\\/www.recht-hr.de\\\/ru\\\/#\\\/schema\\\/logo\\\/image\\\/\",\"url\":\"https:\\\/\\\/www.recht-hr.de\\\/wp-content\\\/uploads\\\/2018\\\/12\\\/apple-touch-icon.png\",\"contentUrl\":\"https:\\\/\\\/www.recht-hr.de\\\/wp-content\\\/uploads\\\/2018\\\/12\\\/apple-touch-icon.png\",\"width\":180,\"height\":180,\"caption\":\"Haferkorn \u2022 Rimscha \u2022 Rechtsanwalts- und Steuerkanzlei\"},\"image\":{\"@id\":\"https:\\\/\\\/www.recht-hr.de\\\/ru\\\/#\\\/schema\\\/logo\\\/image\\\/\"},\"sameAs\":[\"http:\\\/\\\/www.facebook.com\\\/recht.hr\"]},{\"@type\":\"Person\",\"@id\":\"https:\\\/\\\/www.recht-hr.de\\\/ru\\\/#\\\/schema\\\/person\\\/2a940e5cbe3e257c1e8e04b4ed198ad9\",\"name\":\"J\u00f6rg Haferkorn\",\"url\":\"https:\\\/\\\/www.recht-hr.de\\\/ru\\\/author\\\/joerg-haferkorn\\\/\"}]}<\/script>\n<!-- \/ Yoast SEO plugin. -->","yoast_head_json":{"title":"Grundsteuer - Handlungsbedarf f\u00fcr Grundst\u00fcckseigent\u00fcmer - \u0425\u0430\u0444\u0435\u0440\u043a\u043e\u0440\u043d \u2022 \u0420\u0438\u043c\u0448\u0430","robots":{"index":"index","follow":"follow","max-snippet":"max-snippet:-1","max-image-preview":"max-image-preview:large","max-video-preview":"max-video-preview:-1"},"canonical":"https:\/\/www.recht-hr.de\/grundsteuer-handlungsbedarf-fuer-grundstueckseigentuemer\/","og_locale":"ru_RU","og_type":"article","og_title":"Grundsteuer - Handlungsbedarf f\u00fcr Grundst\u00fcckseigent\u00fcmer - \u0425\u0430\u0444\u0435\u0440\u043a\u043e\u0440\u043d \u2022 \u0420\u0438\u043c\u0448\u0430","og_url":"https:\/\/www.recht-hr.de\/grundsteuer-handlungsbedarf-fuer-grundstueckseigentuemer\/","og_site_name":"\u0425\u0430\u0444\u0435\u0440\u043a\u043e\u0440\u043d \u2022 \u0420\u0438\u043c\u0448\u0430","article_publisher":"http:\/\/www.facebook.com\/recht.hr","article_published_time":"2022-06-30T10:16:01+00:00","article_modified_time":"2022-06-30T10:16:17+00:00","author":"J\u00f6rg Haferkorn","twitter_card":"summary_large_image","twitter_misc":{"Written by":"J\u00f6rg Haferkorn","Est. reading time":"2 minutes"},"schema":{"@context":"https:\/\/schema.org","@graph":[{"@type":"Article","@id":"https:\/\/www.recht-hr.de\/grundsteuer-handlungsbedarf-fuer-grundstueckseigentuemer\/#article","isPartOf":{"@id":"https:\/\/www.recht-hr.de\/grundsteuer-handlungsbedarf-fuer-grundstueckseigentuemer\/"},"author":{"name":"J\u00f6rg Haferkorn","@id":"https:\/\/www.recht-hr.de\/ru\/#\/schema\/person\/2a940e5cbe3e257c1e8e04b4ed198ad9"},"headline":"Grundsteuer &#8211; Handlungsbedarf f\u00fcr Grundst\u00fcckseigent\u00fcmer","datePublished":"2022-06-30T10:16:01+00:00","dateModified":"2022-06-30T10:16:17+00:00","mainEntityOfPage":{"@id":"https:\/\/www.recht-hr.de\/grundsteuer-handlungsbedarf-fuer-grundstueckseigentuemer\/"},"wordCount":212,"publisher":{"@id":"https:\/\/www.recht-hr.de\/ru\/#organization"},"articleSection":["Allgemein"],"inLanguage":"ru-RU"},{"@type":"WebPage","@id":"https:\/\/www.recht-hr.de\/grundsteuer-handlungsbedarf-fuer-grundstueckseigentuemer\/","url":"https:\/\/www.recht-hr.de\/grundsteuer-handlungsbedarf-fuer-grundstueckseigentuemer\/","name":"Grundsteuer - Handlungsbedarf f\u00fcr Grundst\u00fcckseigent\u00fcmer - \u0425\u0430\u0444\u0435\u0440\u043a\u043e\u0440\u043d \u2022 \u0420\u0438\u043c\u0448\u0430","isPartOf":{"@id":"https:\/\/www.recht-hr.de\/ru\/#website"},"datePublished":"2022-06-30T10:16:01+00:00","dateModified":"2022-06-30T10:16:17+00:00","breadcrumb":{"@id":"https:\/\/www.recht-hr.de\/grundsteuer-handlungsbedarf-fuer-grundstueckseigentuemer\/#breadcrumb"},"inLanguage":"ru-RU","potentialAction":[{"@type":"ReadAction","target":["https:\/\/www.recht-hr.de\/grundsteuer-handlungsbedarf-fuer-grundstueckseigentuemer\/"]}]},{"@type":"BreadcrumbList","@id":"https:\/\/www.recht-hr.de\/grundsteuer-handlungsbedarf-fuer-grundstueckseigentuemer\/#breadcrumb","itemListElement":[{"@type":"ListItem","position":1,"name":"Startseite","item":"https:\/\/www.recht-hr.de\/"},{"@type":"ListItem","position":2,"name":"Grundsteuer &#8211; Handlungsbedarf f\u00fcr Grundst\u00fcckseigent\u00fcmer"}]},{"@type":"WebSite","@id":"https:\/\/www.recht-hr.de\/ru\/#website","url":"https:\/\/www.recht-hr.de\/ru\/","name":"Haferkorn \u2022 Rimscha","description":"\u044e\u0440\u0438\u0434\u0438\u0447\u0435\u0441\u043a\u0430\u044f \u0438 \u043d\u0430\u043b\u043e\u0433\u043e\u0432\u0430\u044f \u043a\u0430\u043d\u0446\u0435\u043b\u044f\u0440\u0438\u044f","publisher":{"@id":"https:\/\/www.recht-hr.de\/ru\/#organization"},"potentialAction":[{"@type":"SearchAction","target":{"@type":"EntryPoint","urlTemplate":"https:\/\/www.recht-hr.de\/ru\/?s={search_term_string}"},"query-input":{"@type":"PropertyValueSpecification","valueRequired":true,"valueName":"search_term_string"}}],"inLanguage":"ru-RU"},{"@type":"Organization","@id":"https:\/\/www.recht-hr.de\/ru\/#organization","name":"Haferkorn \u2022 Rimscha \u2022 Rechtsanwalts- und Steuerkanzlei","url":"https:\/\/www.recht-hr.de\/ru\/","logo":{"@type":"ImageObject","inLanguage":"ru-RU","@id":"https:\/\/www.recht-hr.de\/ru\/#\/schema\/logo\/image\/","url":"https:\/\/www.recht-hr.de\/wp-content\/uploads\/2018\/12\/apple-touch-icon.png","contentUrl":"https:\/\/www.recht-hr.de\/wp-content\/uploads\/2018\/12\/apple-touch-icon.png","width":180,"height":180,"caption":"Haferkorn \u2022 Rimscha \u2022 Rechtsanwalts- und Steuerkanzlei"},"image":{"@id":"https:\/\/www.recht-hr.de\/ru\/#\/schema\/logo\/image\/"},"sameAs":["http:\/\/www.facebook.com\/recht.hr"]},{"@type":"Person","@id":"https:\/\/www.recht-hr.de\/ru\/#\/schema\/person\/2a940e5cbe3e257c1e8e04b4ed198ad9","name":"J\u00f6rg Haferkorn","url":"https:\/\/www.recht-hr.de\/ru\/author\/joerg-haferkorn\/"}]}},"_links":{"self":[{"href":"https:\/\/www.recht-hr.de\/ru\/wp-json\/wp\/v2\/posts\/2746","targetHints":{"allow":["GET"]}}],"collection":[{"href":"https:\/\/www.recht-hr.de\/ru\/wp-json\/wp\/v2\/posts"}],"about":[{"href":"https:\/\/www.recht-hr.de\/ru\/wp-json\/wp\/v2\/types\/post"}],"author":[{"embeddable":true,"href":"https:\/\/www.recht-hr.de\/ru\/wp-json\/wp\/v2\/users\/3"}],"replies":[{"embeddable":true,"href":"https:\/\/www.recht-hr.de\/ru\/wp-json\/wp\/v2\/comments?post=2746"}],"version-history":[{"count":1,"href":"https:\/\/www.recht-hr.de\/ru\/wp-json\/wp\/v2\/posts\/2746\/revisions"}],"predecessor-version":[{"id":2748,"href":"https:\/\/www.recht-hr.de\/ru\/wp-json\/wp\/v2\/posts\/2746\/revisions\/2748"}],"wp:attachment":[{"href":"https:\/\/www.recht-hr.de\/ru\/wp-json\/wp\/v2\/media?parent=2746"}],"wp:term":[{"taxonomy":"category","embeddable":true,"href":"https:\/\/www.recht-hr.de\/ru\/wp-json\/wp\/v2\/categories?post=2746"},{"taxonomy":"post_tag","embeddable":true,"href":"https:\/\/www.recht-hr.de\/ru\/wp-json\/wp\/v2\/tags?post=2746"}],"curies":[{"name":"wp","href":"https:\/\/api.w.org\/{rel}","templated":true}]}}